{"id":127,"date":"2021-05-05T22:05:33","date_gmt":"2021-05-05T22:05:33","guid":{"rendered":"http:\/\/demowebsitesi.com\/tragger\/?p=6237"},"modified":"2021-05-20T02:31:14","modified_gmt":"2021-05-20T02:31:14","slug":"minister-of-industry-and-technology-visits-tragger","status":"publish","type":"post","link":"https:\/\/tragger.com.tr\/en\/blog\/detail\/minister-of-industry-and-technology-visits-tragger\/","title":{"rendered":"Minister of Industry and Technology Visits TRAGGER"},"content":{"rendered":"<article id=\"post-16629\">Sanayi ve Teknoloji Bakan\u0131 Mustafa Varank fabrika ziyareti s\u0131ras\u0131nda yerli ve milli, %100 elektrikli TRAGGER Yeni Nesil Hizmet Ara\u00e7lar\u0131n\u0131 yak\u0131ndan inceledi ve deneme s\u00fcr\u00fc\u015f\u00fc yaparak, TRAGGER Kurucu Orta\u011f\u0131 Ali Serdar Emre\u2019den hizmet ara\u00e7lar\u0131 hakk\u0131nda bilgi ald\u0131. TRAGGER hizmet ara\u00e7lar\u0131 Bursa Hasana\u011fa Organize Sanayi B\u00f6lgesi\u2019nde bulunan \u00fcretim tesislerinde \u00fcretiliyor.<\/p>\n<p>Sanayi ve Teknoloji Bakan\u0131 Mustafa Varank, sanayi ve teknoloji hamlesi kapsam\u0131nda \u00f6nem verilen illerden biri olan Bursa\u2019y\u0131 ziyaret ederek incelemelerde bulundu. Bakan Varank, gezi kapsam\u0131nda yerli ve milli, %100 elektrikli hizmet arac\u0131 \u00fcr\u00fcn ailesi TRAGGER\u2019in \u00fcretim tesislerini de ziyaret etti. Yerli ve milli, Yeni Nesil Hizmet Ara\u00e7lar\u0131 ile ilgili detayl\u0131 bilgi alan Say\u0131n Varank, yerel y\u00f6netimlerin yerli \u00fcr\u00fcnler tercih etmesinin gereklili\u011fine de\u011finerek, yerel y\u00f6netimlere bu konuda \u00e7a\u011fr\u0131da bulundu.<\/p>\n<p>Bursa Hasana\u011fa Organize Sanayi B\u00f6lgesi\u2019nde bulunan TRAGGER fabrikas\u0131nda TRAGGER Kurucu Orta\u011f\u0131 Ali Serdar Emre taraf\u0131ndan kar\u015f\u0131lanan ve \u00fcr\u00fcnler hakk\u0131nda bilgi alan Varank, ara\u00e7lar\u0131 inceledi ve Pro Serisi ve Transfer Serisi T-Car ile deneme s\u00fcr\u00fc\u015f\u00fc ger\u00e7ekle\u015ftirdi. \u00dcretim tesisini ziyaret eden Bakan Mustafa Varank, TRAGGER\u2019in montaj hatt\u0131nda da incelemelerde bulundu. Ar-Ge b\u00f6l\u00fcm\u00fcn\u00fc de gezen ve ekiple tan\u0131\u015fan Bakan, elektrik motoru \u00e7al\u0131\u015fmalar\u0131n\u0131 inceleyerek bilgi ald\u0131.<\/p>\n<p>TRAGGER Yeni Nesil Hizmet Arac\u0131 Ailesi 20 y\u0131ll\u0131k m\u00fchendislik ve tasar\u0131m deneyim ve uzmanl\u0131\u011f\u0131 ile \u00fcretiliyor.<\/p>\n<p>TRAGGER markal\u0131 ara\u00e7lar, insanlar\u0131n ve i\u015fletmelerin lojistik alandaki ihtiya\u00e7lar\u0131na uygun olarak geli\u015ftirildi. \u0130leri m\u00fchendislik, Ar-Ge ve tasar\u0131m\u0131 birle\u015ftirerek haz\u0131rlanan TRAGGER\u2019in Yeni Nesil Elektrikli Hizmet Ara\u00e7lar\u0131 \u00fclkemizin milli teknoloji hamlesi hedefleriyle uyumlu misyona sahip yerli ve milli y\u00fczde 100 elektrikli olarak Bursa\u2019da Hasana\u011fa Organize Sanayi B\u00f6lgesi\u2019nde \u00fcretiliyor.<\/p>\n<p>Otomotiv alan\u0131nda 20 y\u0131l\u0131 a\u015fk\u0131n m\u00fchendislik ve tasar\u0131m deneyim ve uzmanl\u0131\u011f\u0131 ile \u00fcretilen, yeni nesil \u00fcr\u00fcnleri ile farkl\u0131 hizmet alanlar\u0131ndaki ihtiya\u00e7lara \u00e7\u00f6z\u00fcm \u00fcretiyor. %100 elektrikli yeni nesil hizmet arac\u0131 ailesi TRAGGER, Profesyonel, Lojistik ve Transfer Serisi olmak \u00fczere 3 seriden olu\u015fuyor. 2018 y\u0131l\u0131ndan bu yana \u00fcretilen QD ve LC isimli Pro Serisi ara\u00e7lar\u0131 ideal boyutlar\u0131 ve y\u00fcksek \u00e7al\u0131\u015fma performanslar\u0131yla \u00f6zellikle hava limanlar\u0131, fabrikalar, kapal\u0131 alanlar, kamp\u00fcsler, limanlarda y\u00fck ta\u015f\u0131ma, bak\u0131m hizmetleri veya belirli bir fonksiyonun yap\u0131lmas\u0131 gibi noktalarda segmentinin en ideal ara\u00e7lar\u0131. Lojistik ama\u00e7l\u0131 TT (Tow Tractor) Serisi; fabrika, depo, liman ve hava liman\u0131 gibi tesislerin i\u00e7erisinde \u00e7ekici g\u00f6revi yapmak \u00fczere \u00fcretildi. Transfer ama\u00e7l\u0131 T-Car ise turistik tesisler, oteller, tatil k\u00f6yleri, kamp\u00fcsler, \u015fehir hastaneleri, hava limanlar\u0131, fabrikalar, kapal\u0131 alanlar, limanlarda personel ve y\u00fck ta\u015f\u0131ma \u00f6zelli\u011fine sahip.<\/p>\n<\/article>\n","protected":false},"excerpt":{"rendered":"<p>Sanayi ve Teknoloji Bakan\u0131 Mustafa Varank fabrika ziyareti s\u0131ras\u0131nda yerli ve milli, %100 elektrikli TRAGGER Yeni Nesil Hizmet Ara\u00e7lar\u0131n\u0131 yak\u0131ndan inceledi ve deneme s\u00fcr\u00fc\u015f\u00fc yaparak, TRAGGER Kurucu Orta\u011f\u0131 Ali Serdar Emre\u2019den hizmet ara\u00e7lar\u0131 hakk\u0131nda bilgi ald\u0131. TRAGGER hizmet ara\u00e7lar\u0131 Bursa Hasana\u011fa Organize Sanayi B\u00f6lgesi\u2019nde bulunan \u00fcretim tesislerinde \u00fcretiliyor. Sanayi ve Teknoloji Bakan\u0131 Mustafa Varank, sanayi [&hellip;]<\/p>\n","protected":false},"author":1,"featured_media":128,"comment_status":"closed","ping_status":"closed","sticky":false,"template":"","format":"standard","meta":{"footnotes":""},"categories":[1],"tags":[],"class_list":["post-127","post","type-post","status-publish","format-standard","has-post-thumbnail","hentry","category-press-releases"],"yoast_head":"<!-- This site is optimized with the Yoast SEO plugin v27.4 - https:\/\/yoast.com\/product\/yoast-seo-wordpress\/ -->\n<title>Minister of Industry and Technology Visits TRAGGER - TRAGGER Official Website<\/title>\n<meta name=\"robots\" content=\"index, follow, max-snippet:-1, max-image-preview:large, max-video-preview:-1\" \/>\n<link rel=\"canonical\" href=\"https:\/\/tragger.com.tr\/en\/blog\/detail\/minister-of-industry-and-technology-visits-tragger\/\" \/>\n<meta property=\"og:locale\" content=\"en_US\" \/>\n<meta property=\"og:type\" content=\"article\" \/>\n<meta property=\"og:title\" content=\"Minister of Industry and Technology Visits TRAGGER - TRAGGER Official Website\" \/>\n<meta property=\"og:description\" content=\"Sanayi ve Teknoloji Bakan\u0131 Mustafa Varank fabrika ziyareti s\u0131ras\u0131nda yerli ve milli, %100 elektrikli TRAGGER Yeni Nesil Hizmet Ara\u00e7lar\u0131n\u0131 yak\u0131ndan inceledi ve deneme s\u00fcr\u00fc\u015f\u00fc yaparak, TRAGGER Kurucu Orta\u011f\u0131 Ali Serdar Emre\u2019den hizmet ara\u00e7lar\u0131 hakk\u0131nda bilgi ald\u0131. TRAGGER hizmet ara\u00e7lar\u0131 Bursa Hasana\u011fa Organize Sanayi B\u00f6lgesi\u2019nde bulunan \u00fcretim tesislerinde \u00fcretiliyor. Sanayi ve Teknoloji Bakan\u0131 Mustafa Varank, sanayi [&hellip;]\" \/>\n<meta property=\"og:url\" content=\"https:\/\/tragger.com.tr\/en\/blog\/detail\/minister-of-industry-and-technology-visits-tragger\/\" \/>\n<meta property=\"og:site_name\" content=\"TRAGGER Official Website\" \/>\n<meta property=\"article:published_time\" content=\"2021-05-05T22:05:33+00:00\" \/>\n<meta property=\"article:modified_time\" content=\"2021-05-20T02:31:14+00:00\" \/>\n<meta property=\"og:image\" content=\"https:\/\/tragger.com.tr\/en\/wp-content\/uploads\/sites\/2\/2021\/05\/376a3c7a-45bd-4cf3-a83f-24debe51c3e5.jpg\" \/>\n\t<meta property=\"og:image:width\" content=\"580\" \/>\n\t<meta property=\"og:image:height\" content=\"366\" \/>\n\t<meta property=\"og:image:type\" content=\"image\/jpeg\" \/>\n<meta name=\"author\" content=\"Admin\" \/>\n<meta name=\"twitter:card\" content=\"summary_large_image\" \/>\n<meta name=\"twitter:label1\" content=\"Written by\" \/>\n\t<meta name=\"twitter:data1\" content=\"Admin\" \/>\n\t<meta name=\"twitter:label2\" content=\"Est. reading time\" \/>\n\t<meta name=\"twitter:data2\" content=\"2 minutes\" \/>\n<script type=\"application\/ld+json\" class=\"yoast-schema-graph\">{\"@context\":\"https:\\\/\\\/schema.org\",\"@graph\":[{\"@type\":\"Article\",\"@id\":\"https:\\\/\\\/tragger.com.tr\\\/en\\\/blog\\\/detail\\\/minister-of-industry-and-technology-visits-tragger\\\/#article\",\"isPartOf\":{\"@id\":\"https:\\\/\\\/tragger.com.tr\\\/en\\\/blog\\\/detail\\\/minister-of-industry-and-technology-visits-tragger\\\/\"},\"author\":{\"name\":\"Admin\",\"@id\":\"https:\\\/\\\/tragger.com.tr\\\/en\\\/#\\\/schema\\\/person\\\/8a40578004077560f750795e7359f349\"},\"headline\":\"Minister of Industry and Technology Visits TRAGGER\",\"datePublished\":\"2021-05-05T22:05:33+00:00\",\"dateModified\":\"2021-05-20T02:31:14+00:00\",\"mainEntityOfPage\":{\"@id\":\"https:\\\/\\\/tragger.com.tr\\\/en\\\/blog\\\/detail\\\/minister-of-industry-and-technology-visits-tragger\\\/\"},\"wordCount\":465,\"image\":{\"@id\":\"https:\\\/\\\/tragger.com.tr\\\/en\\\/blog\\\/detail\\\/minister-of-industry-and-technology-visits-tragger\\\/#primaryimage\"},\"thumbnailUrl\":\"https:\\\/\\\/tragger.com.tr\\\/en\\\/wp-content\\\/uploads\\\/sites\\\/2\\\/2021\\\/05\\\/376a3c7a-45bd-4cf3-a83f-24debe51c3e5.jpg\",\"articleSection\":[\"Press Releases\"],\"inLanguage\":\"en-US\"},{\"@type\":\"WebPage\",\"@id\":\"https:\\\/\\\/tragger.com.tr\\\/en\\\/blog\\\/detail\\\/minister-of-industry-and-technology-visits-tragger\\\/\",\"url\":\"https:\\\/\\\/tragger.com.tr\\\/en\\\/blog\\\/detail\\\/minister-of-industry-and-technology-visits-tragger\\\/\",\"name\":\"Minister of Industry and Technology Visits TRAGGER - TRAGGER Official Website\",\"isPartOf\":{\"@id\":\"https:\\\/\\\/tragger.com.tr\\\/en\\\/#website\"},\"primaryImageOfPage\":{\"@id\":\"https:\\\/\\\/tragger.com.tr\\\/en\\\/blog\\\/detail\\\/minister-of-industry-and-technology-visits-tragger\\\/#primaryimage\"},\"image\":{\"@id\":\"https:\\\/\\\/tragger.com.tr\\\/en\\\/blog\\\/detail\\\/minister-of-industry-and-technology-visits-tragger\\\/#primaryimage\"},\"thumbnailUrl\":\"https:\\\/\\\/tragger.com.tr\\\/en\\\/wp-content\\\/uploads\\\/sites\\\/2\\\/2021\\\/05\\\/376a3c7a-45bd-4cf3-a83f-24debe51c3e5.jpg\",\"datePublished\":\"2021-05-05T22:05:33+00:00\",\"dateModified\":\"2021-05-20T02:31:14+00:00\",\"author\":{\"@id\":\"https:\\\/\\\/tragger.com.tr\\\/en\\\/#\\\/schema\\\/person\\\/8a40578004077560f750795e7359f349\"},\"breadcrumb\":{\"@id\":\"https:\\\/\\\/tragger.com.tr\\\/en\\\/blog\\\/detail\\\/minister-of-industry-and-technology-visits-tragger\\\/#breadcrumb\"},\"inLanguage\":\"en-US\",\"potentialAction\":[{\"@type\":\"ReadAction\",\"target\":[\"https:\\\/\\\/tragger.com.tr\\\/en\\\/blog\\\/detail\\\/minister-of-industry-and-technology-visits-tragger\\\/\"]}]},{\"@type\":\"ImageObject\",\"inLanguage\":\"en-US\",\"@id\":\"https:\\\/\\\/tragger.com.tr\\\/en\\\/blog\\\/detail\\\/minister-of-industry-and-technology-visits-tragger\\\/#primaryimage\",\"url\":\"https:\\\/\\\/tragger.com.tr\\\/en\\\/wp-content\\\/uploads\\\/sites\\\/2\\\/2021\\\/05\\\/376a3c7a-45bd-4cf3-a83f-24debe51c3e5.jpg\",\"contentUrl\":\"https:\\\/\\\/tragger.com.tr\\\/en\\\/wp-content\\\/uploads\\\/sites\\\/2\\\/2021\\\/05\\\/376a3c7a-45bd-4cf3-a83f-24debe51c3e5.jpg\",\"width\":580,\"height\":366,\"caption\":\"Minister of Industry and Technology Visits TRAGGER\"},{\"@type\":\"BreadcrumbList\",\"@id\":\"https:\\\/\\\/tragger.com.tr\\\/en\\\/blog\\\/detail\\\/minister-of-industry-and-technology-visits-tragger\\\/#breadcrumb\",\"itemListElement\":[{\"@type\":\"ListItem\",\"position\":1,\"name\":\"Homepage\",\"item\":\"https:\\\/\\\/tragger.com.tr\\\/en\\\/\"},{\"@type\":\"ListItem\",\"position\":2,\"name\":\"Minister of Industry and Technology Visits TRAGGER\"}]},{\"@type\":\"WebSite\",\"@id\":\"https:\\\/\\\/tragger.com.tr\\\/en\\\/#website\",\"url\":\"https:\\\/\\\/tragger.com.tr\\\/en\\\/\",\"name\":\"TRAGGER Official Website\",\"description\":\"\",\"potentialAction\":[{\"@type\":\"SearchAction\",\"target\":{\"@type\":\"EntryPoint\",\"urlTemplate\":\"https:\\\/\\\/tragger.com.tr\\\/en\\\/?s={search_term_string}\"},\"query-input\":{\"@type\":\"PropertyValueSpecification\",\"valueRequired\":true,\"valueName\":\"search_term_string\"}}],\"inLanguage\":\"en-US\"},{\"@type\":\"Person\",\"@id\":\"https:\\\/\\\/tragger.com.tr\\\/en\\\/#\\\/schema\\\/person\\\/8a40578004077560f750795e7359f349\",\"name\":\"Admin\",\"image\":{\"@type\":\"ImageObject\",\"inLanguage\":\"en-US\",\"@id\":\"https:\\\/\\\/secure.gravatar.com\\\/avatar\\\/c0aa30fafd605429dd870eb5f45e969f97038cb8733d8f39c601de49eb36376f?s=96&d=mm&r=g\",\"url\":\"https:\\\/\\\/secure.gravatar.com\\\/avatar\\\/c0aa30fafd605429dd870eb5f45e969f97038cb8733d8f39c601de49eb36376f?s=96&d=mm&r=g\",\"contentUrl\":\"https:\\\/\\\/secure.gravatar.com\\\/avatar\\\/c0aa30fafd605429dd870eb5f45e969f97038cb8733d8f39c601de49eb36376f?s=96&d=mm&r=g\",\"caption\":\"Admin\"},\"sameAs\":[\"http:\\\/\\\/tragger.com.tr\"],\"url\":\"https:\\\/\\\/tragger.com.tr\\\/en\\\/blog\\\/detail\\\/author\\\/cadem\\\/\"}]}<\/script>\n<!-- \/ Yoast SEO plugin. -->","yoast_head_json":{"title":"Minister of Industry and Technology Visits TRAGGER - TRAGGER Official Website","robots":{"index":"index","follow":"follow","max-snippet":"max-snippet:-1","max-image-preview":"max-image-preview:large","max-video-preview":"max-video-preview:-1"},"canonical":"https:\/\/tragger.com.tr\/en\/blog\/detail\/minister-of-industry-and-technology-visits-tragger\/","og_locale":"en_US","og_type":"article","og_title":"Minister of Industry and Technology Visits TRAGGER - TRAGGER Official Website","og_description":"Sanayi ve Teknoloji Bakan\u0131 Mustafa Varank fabrika ziyareti s\u0131ras\u0131nda yerli ve milli, %100 elektrikli TRAGGER Yeni Nesil Hizmet Ara\u00e7lar\u0131n\u0131 yak\u0131ndan inceledi ve deneme s\u00fcr\u00fc\u015f\u00fc yaparak, TRAGGER Kurucu Orta\u011f\u0131 Ali Serdar Emre\u2019den hizmet ara\u00e7lar\u0131 hakk\u0131nda bilgi ald\u0131. TRAGGER hizmet ara\u00e7lar\u0131 Bursa Hasana\u011fa Organize Sanayi B\u00f6lgesi\u2019nde bulunan \u00fcretim tesislerinde \u00fcretiliyor. Sanayi ve Teknoloji Bakan\u0131 Mustafa Varank, sanayi [&hellip;]","og_url":"https:\/\/tragger.com.tr\/en\/blog\/detail\/minister-of-industry-and-technology-visits-tragger\/","og_site_name":"TRAGGER Official Website","article_published_time":"2021-05-05T22:05:33+00:00","article_modified_time":"2021-05-20T02:31:14+00:00","og_image":[{"width":580,"height":366,"url":"https:\/\/tragger.com.tr\/en\/wp-content\/uploads\/sites\/2\/2021\/05\/376a3c7a-45bd-4cf3-a83f-24debe51c3e5.jpg","type":"image\/jpeg"}],"author":"Admin","twitter_card":"summary_large_image","twitter_misc":{"Written by":"Admin","Est. reading time":"2 minutes"},"schema":{"@context":"https:\/\/schema.org","@graph":[{"@type":"Article","@id":"https:\/\/tragger.com.tr\/en\/blog\/detail\/minister-of-industry-and-technology-visits-tragger\/#article","isPartOf":{"@id":"https:\/\/tragger.com.tr\/en\/blog\/detail\/minister-of-industry-and-technology-visits-tragger\/"},"author":{"name":"Admin","@id":"https:\/\/tragger.com.tr\/en\/#\/schema\/person\/8a40578004077560f750795e7359f349"},"headline":"Minister of Industry and Technology Visits TRAGGER","datePublished":"2021-05-05T22:05:33+00:00","dateModified":"2021-05-20T02:31:14+00:00","mainEntityOfPage":{"@id":"https:\/\/tragger.com.tr\/en\/blog\/detail\/minister-of-industry-and-technology-visits-tragger\/"},"wordCount":465,"image":{"@id":"https:\/\/tragger.com.tr\/en\/blog\/detail\/minister-of-industry-and-technology-visits-tragger\/#primaryimage"},"thumbnailUrl":"https:\/\/tragger.com.tr\/en\/wp-content\/uploads\/sites\/2\/2021\/05\/376a3c7a-45bd-4cf3-a83f-24debe51c3e5.jpg","articleSection":["Press Releases"],"inLanguage":"en-US"},{"@type":"WebPage","@id":"https:\/\/tragger.com.tr\/en\/blog\/detail\/minister-of-industry-and-technology-visits-tragger\/","url":"https:\/\/tragger.com.tr\/en\/blog\/detail\/minister-of-industry-and-technology-visits-tragger\/","name":"Minister of Industry and Technology Visits TRAGGER - TRAGGER Official Website","isPartOf":{"@id":"https:\/\/tragger.com.tr\/en\/#website"},"primaryImageOfPage":{"@id":"https:\/\/tragger.com.tr\/en\/blog\/detail\/minister-of-industry-and-technology-visits-tragger\/#primaryimage"},"image":{"@id":"https:\/\/tragger.com.tr\/en\/blog\/detail\/minister-of-industry-and-technology-visits-tragger\/#primaryimage"},"thumbnailUrl":"https:\/\/tragger.com.tr\/en\/wp-content\/uploads\/sites\/2\/2021\/05\/376a3c7a-45bd-4cf3-a83f-24debe51c3e5.jpg","datePublished":"2021-05-05T22:05:33+00:00","dateModified":"2021-05-20T02:31:14+00:00","author":{"@id":"https:\/\/tragger.com.tr\/en\/#\/schema\/person\/8a40578004077560f750795e7359f349"},"breadcrumb":{"@id":"https:\/\/tragger.com.tr\/en\/blog\/detail\/minister-of-industry-and-technology-visits-tragger\/#breadcrumb"},"inLanguage":"en-US","potentialAction":[{"@type":"ReadAction","target":["https:\/\/tragger.com.tr\/en\/blog\/detail\/minister-of-industry-and-technology-visits-tragger\/"]}]},{"@type":"ImageObject","inLanguage":"en-US","@id":"https:\/\/tragger.com.tr\/en\/blog\/detail\/minister-of-industry-and-technology-visits-tragger\/#primaryimage","url":"https:\/\/tragger.com.tr\/en\/wp-content\/uploads\/sites\/2\/2021\/05\/376a3c7a-45bd-4cf3-a83f-24debe51c3e5.jpg","contentUrl":"https:\/\/tragger.com.tr\/en\/wp-content\/uploads\/sites\/2\/2021\/05\/376a3c7a-45bd-4cf3-a83f-24debe51c3e5.jpg","width":580,"height":366,"caption":"Minister of Industry and Technology Visits TRAGGER"},{"@type":"BreadcrumbList","@id":"https:\/\/tragger.com.tr\/en\/blog\/detail\/minister-of-industry-and-technology-visits-tragger\/#breadcrumb","itemListElement":[{"@type":"ListItem","position":1,"name":"Homepage","item":"https:\/\/tragger.com.tr\/en\/"},{"@type":"ListItem","position":2,"name":"Minister of Industry and Technology Visits TRAGGER"}]},{"@type":"WebSite","@id":"https:\/\/tragger.com.tr\/en\/#website","url":"https:\/\/tragger.com.tr\/en\/","name":"TRAGGER Official Website","description":"","potentialAction":[{"@type":"SearchAction","target":{"@type":"EntryPoint","urlTemplate":"https:\/\/tragger.com.tr\/en\/?s={search_term_string}"},"query-input":{"@type":"PropertyValueSpecification","valueRequired":true,"valueName":"search_term_string"}}],"inLanguage":"en-US"},{"@type":"Person","@id":"https:\/\/tragger.com.tr\/en\/#\/schema\/person\/8a40578004077560f750795e7359f349","name":"Admin","image":{"@type":"ImageObject","inLanguage":"en-US","@id":"https:\/\/secure.gravatar.com\/avatar\/c0aa30fafd605429dd870eb5f45e969f97038cb8733d8f39c601de49eb36376f?s=96&d=mm&r=g","url":"https:\/\/secure.gravatar.com\/avatar\/c0aa30fafd605429dd870eb5f45e969f97038cb8733d8f39c601de49eb36376f?s=96&d=mm&r=g","contentUrl":"https:\/\/secure.gravatar.com\/avatar\/c0aa30fafd605429dd870eb5f45e969f97038cb8733d8f39c601de49eb36376f?s=96&d=mm&r=g","caption":"Admin"},"sameAs":["http:\/\/tragger.com.tr"],"url":"https:\/\/tragger.com.tr\/en\/blog\/detail\/author\/cadem\/"}]}},"_links":{"self":[{"href":"https:\/\/tragger.com.tr\/en\/wp-json\/wp\/v2\/posts\/127","targetHints":{"allow":["GET"]}}],"collection":[{"href":"https:\/\/tragger.com.tr\/en\/wp-json\/wp\/v2\/posts"}],"about":[{"href":"https:\/\/tragger.com.tr\/en\/wp-json\/wp\/v2\/types\/post"}],"author":[{"embeddable":true,"href":"https:\/\/tragger.com.tr\/en\/wp-json\/wp\/v2\/users\/1"}],"replies":[{"embeddable":true,"href":"https:\/\/tragger.com.tr\/en\/wp-json\/wp\/v2\/comments?post=127"}],"version-history":[{"count":0,"href":"https:\/\/tragger.com.tr\/en\/wp-json\/wp\/v2\/posts\/127\/revisions"}],"wp:featuredmedia":[{"embeddable":true,"href":"https:\/\/tragger.com.tr\/en\/wp-json\/wp\/v2\/media\/128"}],"wp:attachment":[{"href":"https:\/\/tragger.com.tr\/en\/wp-json\/wp\/v2\/media?parent=127"}],"wp:term":[{"taxonomy":"category","embeddable":true,"href":"https:\/\/tragger.com.tr\/en\/wp-json\/wp\/v2\/categories?post=127"},{"taxonomy":"post_tag","embeddable":true,"href":"https:\/\/tragger.com.tr\/en\/wp-json\/wp\/v2\/tags?post=127"}],"curies":[{"name":"wp","href":"https:\/\/api.w.org\/{rel}","templated":true}]}}